{"id":2868,"date":"2022-02-23T15:47:46","date_gmt":"2022-02-23T14:47:46","guid":{"rendered":"https:\/\/qgesto.com\/?p=2868"},"modified":"2022-02-23T16:21:23","modified_gmt":"2022-02-23T15:21:23","slug":"swiat-poznal-kuchnie-qgesto-relacja-z-targow-budma-2022","status":"publish","type":"post","link":"https:\/\/qgesto.com\/pl\/blog\/swiat-poznal-kuchnie-qgesto-relacja-z-targow-budma-2022\/","title":{"rendered":"\u015awiat pozna\u0142 kuchnie Qgesto &#8211; Relacja z targ\u00f3w Budma 2022"},"content":{"rendered":"<p><b>Najwa\u017cniejsze w Polsce targi budownictwa Budma 2022 ju\u017c za nami! Spora liczba wystawc\u00f3w oraz zwiedzaj\u0105cych, mn\u00f3stwo innowacyjnych technologii, wiele konkurs\u00f3w i niezapomnianych emocji! Czterodniowa impreza z pewno\u015bci\u0105 pomog\u0142a nam si\u0119 rozwin\u0105\u0107 i jeszcze bardziej skonfrontowa\u0107 nasz\u0105 wiedz\u0119 z potrzebami klient\u00f3w. Mieli\u015bmy okazj\u0119 spotka\u0107 si\u0119 z wieloma architektami, projektantami, inwestorami oraz przedstawicielami handlu materia\u0142ami budowlanymi i wymieni\u0107 wzajemne spostrze\u017cenia i do\u015bwiadczenia z bran\u017cy. A co najwa\u017cniejsze, sami stali\u015bmy si\u0119 wystawcami!<\/b><\/p>\n<h2>Kuchnie Qgesto na targach Budma 2022!<\/h2>\n<p>Na pocz\u0105tku lutego podczas targ\u00f3w Budma mieli\u015bmy okazj\u0119 zaprezentowa\u0107 \u015bwiatu nasze nowe kuchnie ogrodowe. Cieszy\u0142y si\u0119 one ogromnym zainteresowaniem zar\u00f3wno w\u015br\u00f3d odwiedzaj\u0105cych z Polski, jak i zagranicy. Nasze kuchnie pozwalaj\u0105 na efektywne korzystanie z nich przez ca\u0142y rok, nawet podczas zimy. Gwarantujemy ogromn\u0105 wygod\u0119 u\u017cytkowania. <strong>Kuchnie Qgesto zapewniaj\u0105 sta\u0142y dost\u0119p do grilla, kuchenki, zlewozmywaka i innych akcesori\u00f3w.<\/strong> Odwiedzaj\u0105cy byli szczerze zaskoczeni funkcjonalno\u015bci\u0105 i innowacyjno\u015bci\u0105 zaprezentowanych przez nas rozwi\u0105za\u0144. Du\u017cy grill gazowy, zlewozmywak, telewizor, odtwarzacz muzyki, kuchnia zamykana na pilota? To wszystko robi\u0142o wra\u017cenie!<\/p>\n<p>Nasza powierzchnia wystawowa prezentowa\u0142a si\u0119 nienagannie. Postanowili\u015bmy realnie odwzorowa\u0107 warunki ogrodowe. W tym celu stworzyli\u015bmy pewnego rodzaju mini ogr\u00f3dek. Zamontowali\u015bmy sztuczn\u0105 traw\u0119, ogrodowe meble oraz zapewnili\u015bmy odpowiednie o\u015bwietlenie. Dzi\u0119ki temu nasza kuchnia prezentowa\u0142a si\u0119 bardzo realistycznie i przyci\u0105ga\u0142a t\u0142umy.<\/p>\n<p>Nasze kuchnie charakteryzuj\u0105 si\u0119<strong> nowoczesnym, stylowym, luksusowym designem<\/strong>. Kuchnie Qgesto s\u0105 proste w obs\u0142udze, odporne na r\u00f3\u017cnorodne warunki pogodowe, wykonane z certyfikowanych, najtrwalszych materia\u0142\u00f3w i mo\u017cna je dopasowa\u0107 pod w\u0142asne potrzeby i gust. To wszystko sprawia, \u017ce podczas targ\u00f3w Budma <strong>nasze stanowisko cieszy\u0142o si\u0119 ogromnym zaciekawieniem<\/strong>, a odwiedzaj\u0105cy byli pod du\u017cym wra\u017ceniem. Sami jeste\u015bmy niezwykle zadowoleni z przebiegu imprezy i czekamy na kolejn\u0105 edycj\u0119 za rok!<\/p>\n<div id='gallery-1' class='gallery galleryid-2868 gallery-columns-3 gallery-size-medium'><figure class='gallery-item'>\n\t\t\t<div class='gallery-icon landscape'>\n\t\t\t\t<a href='https:\/\/qgesto.com\/wp-content\/uploads\/2022\/02\/qgesto-budma22-022.jpg'><img fetchpriority=\"high\" decoding=\"async\" width=\"300\" height=\"200\" src=\"https:\/\/qgesto.com\/wp-content\/uploads\/2022\/02\/qgesto-budma22-022-300x200.jpg\" class=\"attachment-medium size-medium\" alt=\"\" srcset=\"https:\/\/qgesto.com\/wp-content\/uploads\/2022\/02\/qgesto-budma22-022-300x200.jpg 300w, https:\/\/qgesto.com\/wp-content\/uploads\/2022\/02\/qgesto-budma22-022-600x400.jpg 600w, https:\/\/qgesto.com\/wp-content\/uploads\/2022\/02\/qgesto-budma22-022-800x533.jpg 800w, https:\/\/qgesto.com\/wp-content\/uploads\/2022\/02\/qgesto-budma22-022-1024x683.jpg 1024w, https:\/\/qgesto.com\/wp-content\/uploads\/2022\/02\/qgesto-budma22-022-768x512.jpg 768w, https:\/\/qgesto.com\/wp-content\/uploads\/2022\/02\/qgesto-budma22-022.jpg 1200w\" sizes=\"(max-width: 300px) 100vw, 300px\" \/><\/a>\n\t\t\t<\/div><\/figure><figure class='gallery-item'>\n\t\t\t<div class='gallery-icon landscape'>\n\t\t\t\t<a href='https:\/\/qgesto.com\/wp-content\/uploads\/2022\/02\/qgesto-budma22-020.jpg'><img decoding=\"async\" width=\"300\" height=\"200\" src=\"https:\/\/qgesto.com\/wp-content\/uploads\/2022\/02\/qgesto-budma22-020-300x200.jpg\" class=\"attachment-medium size-medium\" alt=\"\" srcset=\"https:\/\/qgesto.com\/wp-content\/uploads\/2022\/02\/qgesto-budma22-020-300x200.jpg 300w, https:\/\/qgesto.com\/wp-content\/uploads\/2022\/02\/qgesto-budma22-020-600x400.jpg 600w, https:\/\/qgesto.com\/wp-content\/uploads\/2022\/02\/qgesto-budma22-020-800x533.jpg 800w, https:\/\/qgesto.com\/wp-content\/uploads\/2022\/02\/qgesto-budma22-020-1024x683.jpg 1024w, https:\/\/qgesto.com\/wp-content\/uploads\/2022\/02\/qgesto-budma22-020-768x512.jpg 768w, https:\/\/qgesto.com\/wp-content\/uploads\/2022\/02\/qgesto-budma22-020.jpg 1200w\" sizes=\"(max-width: 300px) 100vw, 300px\" \/><\/a>\n\t\t\t<\/div><\/figure><figure class='gallery-item'>\n\t\t\t<div class='gallery-icon landscape'>\n\t\t\t\t<a href='https:\/\/qgesto.com\/wp-content\/uploads\/2022\/02\/qgesto-budma22-018.jpg'><img decoding=\"async\" width=\"300\" height=\"200\" src=\"https:\/\/qgesto.com\/wp-content\/uploads\/2022\/02\/qgesto-budma22-018-300x200.jpg\" class=\"attachment-medium size-medium\" alt=\"\" srcset=\"https:\/\/qgesto.com\/wp-content\/uploads\/2022\/02\/qgesto-budma22-018-300x200.jpg 300w, https:\/\/qgesto.com\/wp-content\/uploads\/2022\/02\/qgesto-budma22-018-600x400.jpg 600w, https:\/\/qgesto.com\/wp-content\/uploads\/2022\/02\/qgesto-budma22-018-800x533.jpg 800w, https:\/\/qgesto.com\/wp-content\/uploads\/2022\/02\/qgesto-budma22-018-1024x683.jpg 1024w, https:\/\/qgesto.com\/wp-content\/uploads\/2022\/02\/qgesto-budma22-018-768x512.jpg 768w, https:\/\/qgesto.com\/wp-content\/uploads\/2022\/02\/qgesto-budma22-018.jpg 1200w\" sizes=\"(max-width: 300px) 100vw, 300px\" \/><\/a>\n\t\t\t<\/div><\/figure><figure class='gallery-item'>\n\t\t\t<div class='gallery-icon landscape'>\n\t\t\t\t<a href='https:\/\/qgesto.com\/wp-content\/uploads\/2022\/02\/qgesto-budma22-016.jpg'><img loading=\"lazy\" decoding=\"async\" width=\"300\" height=\"200\" src=\"https:\/\/qgesto.com\/wp-content\/uploads\/2022\/02\/qgesto-budma22-016-300x200.jpg\" class=\"attachment-medium size-medium\" alt=\"\" srcset=\"https:\/\/qgesto.com\/wp-content\/uploads\/2022\/02\/qgesto-budma22-016-300x200.jpg 300w, https:\/\/qgesto.com\/wp-content\/uploads\/2022\/02\/qgesto-budma22-016-600x400.jpg 600w, https:\/\/qgesto.com\/wp-content\/uploads\/2022\/02\/qgesto-budma22-016-800x533.jpg 800w, https:\/\/qgesto.com\/wp-content\/uploads\/2022\/02\/qgesto-budma22-016-1024x683.jpg 1024w, https:\/\/qgesto.com\/wp-content\/uploads\/2022\/02\/qgesto-budma22-016-768x512.jpg 768w, https:\/\/qgesto.com\/wp-content\/uploads\/2022\/02\/qgesto-budma22-016.jpg 1200w\" sizes=\"(max-width: 300px) 100vw, 300px\" \/><\/a>\n\t\t\t<\/div><\/figure><figure class='gallery-item'>\n\t\t\t<div class='gallery-icon landscape'>\n\t\t\t\t<a href='https:\/\/qgesto.com\/wp-content\/uploads\/2022\/02\/qgesto-budma22-017.jpg'><img loading=\"lazy\" decoding=\"async\" width=\"300\" height=\"200\" src=\"https:\/\/qgesto.com\/wp-content\/uploads\/2022\/02\/qgesto-budma22-017-300x200.jpg\" class=\"attachment-medium size-medium\" alt=\"\" srcset=\"https:\/\/qgesto.com\/wp-content\/uploads\/2022\/02\/qgesto-budma22-017-300x200.jpg 300w, https:\/\/qgesto.com\/wp-content\/uploads\/2022\/02\/qgesto-budma22-017-600x400.jpg 600w, https:\/\/qgesto.com\/wp-content\/uploads\/2022\/02\/qgesto-budma22-017-800x533.jpg 800w, https:\/\/qgesto.com\/wp-content\/uploads\/2022\/02\/qgesto-budma22-017-1024x683.jpg 1024w, https:\/\/qgesto.com\/wp-content\/uploads\/2022\/02\/qgesto-budma22-017-768x512.jpg 768w, https:\/\/qgesto.com\/wp-content\/uploads\/2022\/02\/qgesto-budma22-017.jpg 1200w\" sizes=\"(max-width: 300px) 100vw, 300px\" \/><\/a>\n\t\t\t<\/div><\/figure><figure class='gallery-item'>\n\t\t\t<div class='gallery-icon landscape'>\n\t\t\t\t<a href='https:\/\/qgesto.com\/wp-content\/uploads\/2022\/02\/qgesto-budma22-014.jpg'><img loading=\"lazy\" decoding=\"async\" width=\"300\" height=\"200\" src=\"https:\/\/qgesto.com\/wp-content\/uploads\/2022\/02\/qgesto-budma22-014-300x200.jpg\" class=\"attachment-medium size-medium\" alt=\"\" srcset=\"https:\/\/qgesto.com\/wp-content\/uploads\/2022\/02\/qgesto-budma22-014-300x200.jpg 300w, https:\/\/qgesto.com\/wp-content\/uploads\/2022\/02\/qgesto-budma22-014-600x400.jpg 600w, https:\/\/qgesto.com\/wp-content\/uploads\/2022\/02\/qgesto-budma22-014-800x533.jpg 800w, https:\/\/qgesto.com\/wp-content\/uploads\/2022\/02\/qgesto-budma22-014-1024x683.jpg 1024w, https:\/\/qgesto.com\/wp-content\/uploads\/2022\/02\/qgesto-budma22-014-768x512.jpg 768w, https:\/\/qgesto.com\/wp-content\/uploads\/2022\/02\/qgesto-budma22-014.jpg 1200w\" sizes=\"(max-width: 300px) 100vw, 300px\" \/><\/a>\n\t\t\t<\/div><\/figure><figure class='gallery-item'>\n\t\t\t<div class='gallery-icon landscape'>\n\t\t\t\t<a href='https:\/\/qgesto.com\/wp-content\/uploads\/2022\/02\/qgesto-budma22-013.jpg'><img loading=\"lazy\" decoding=\"async\" width=\"300\" height=\"200\" src=\"https:\/\/qgesto.com\/wp-content\/uploads\/2022\/02\/qgesto-budma22-013-300x200.jpg\" class=\"attachment-medium size-medium\" alt=\"\" srcset=\"https:\/\/qgesto.com\/wp-content\/uploads\/2022\/02\/qgesto-budma22-013-300x200.jpg 300w, https:\/\/qgesto.com\/wp-content\/uploads\/2022\/02\/qgesto-budma22-013-600x400.jpg 600w, https:\/\/qgesto.com\/wp-content\/uploads\/2022\/02\/qgesto-budma22-013-800x533.jpg 800w, https:\/\/qgesto.com\/wp-content\/uploads\/2022\/02\/qgesto-budma22-013-1024x683.jpg 1024w, https:\/\/qgesto.com\/wp-content\/uploads\/2022\/02\/qgesto-budma22-013-768x512.jpg 768w, https:\/\/qgesto.com\/wp-content\/uploads\/2022\/02\/qgesto-budma22-013.jpg 1200w\" sizes=\"(max-width: 300px) 100vw, 300px\" \/><\/a>\n\t\t\t<\/div><\/figure><figure class='gallery-item'>\n\t\t\t<div class='gallery-icon landscape'>\n\t\t\t\t<a href='https:\/\/qgesto.com\/wp-content\/uploads\/2022\/02\/qgesto-budma22-012.jpg'><img loading=\"lazy\" decoding=\"async\" width=\"300\" height=\"200\" src=\"https:\/\/qgesto.com\/wp-content\/uploads\/2022\/02\/qgesto-budma22-012-300x200.jpg\" class=\"attachment-medium size-medium\" alt=\"\" srcset=\"https:\/\/qgesto.com\/wp-content\/uploads\/2022\/02\/qgesto-budma22-012-300x200.jpg 300w, https:\/\/qgesto.com\/wp-content\/uploads\/2022\/02\/qgesto-budma22-012-600x400.jpg 600w, https:\/\/qgesto.com\/wp-content\/uploads\/2022\/02\/qgesto-budma22-012-800x533.jpg 800w, https:\/\/qgesto.com\/wp-content\/uploads\/2022\/02\/qgesto-budma22-012-1024x683.jpg 1024w, https:\/\/qgesto.com\/wp-content\/uploads\/2022\/02\/qgesto-budma22-012-768x512.jpg 768w, https:\/\/qgesto.com\/wp-content\/uploads\/2022\/02\/qgesto-budma22-012.jpg 1200w\" sizes=\"(max-width: 300px) 100vw, 300px\" \/><\/a>\n\t\t\t<\/div><\/figure><figure class='gallery-item'>\n\t\t\t<div class='gallery-icon landscape'>\n\t\t\t\t<a href='https:\/\/qgesto.com\/wp-content\/uploads\/2022\/02\/qgesto-budma22-04.jpg'><img loading=\"lazy\" decoding=\"async\" width=\"300\" height=\"200\" src=\"https:\/\/qgesto.com\/wp-content\/uploads\/2022\/02\/qgesto-budma22-04-300x200.jpg\" class=\"attachment-medium size-medium\" alt=\"\" srcset=\"https:\/\/qgesto.com\/wp-content\/uploads\/2022\/02\/qgesto-budma22-04-300x200.jpg 300w, https:\/\/qgesto.com\/wp-content\/uploads\/2022\/02\/qgesto-budma22-04-600x400.jpg 600w, https:\/\/qgesto.com\/wp-content\/uploads\/2022\/02\/qgesto-budma22-04-800x533.jpg 800w, https:\/\/qgesto.com\/wp-content\/uploads\/2022\/02\/qgesto-budma22-04-1024x683.jpg 1024w, https:\/\/qgesto.com\/wp-content\/uploads\/2022\/02\/qgesto-budma22-04-768x512.jpg 768w, https:\/\/qgesto.com\/wp-content\/uploads\/2022\/02\/qgesto-budma22-04.jpg 1200w\" sizes=\"(max-width: 300px) 100vw, 300px\" \/><\/a>\n\t\t\t<\/div><\/figure>\n\t\t<\/div>\n\n","protected":false},"excerpt":{"rendered":"<p>Najwa\u017cniejsze w Polsce targi budownictwa Budma 2022 ju\u017c za nami! Spora liczba wystawc\u00f3w oraz zwiedzaj\u0105cych, mn\u00f3stwo innowacyjnych technologii, wiele konkurs\u00f3w i niezapomnianych emocji! Czterodniowa impreza z pewno\u015bci\u0105 pomog\u0142a nam si\u0119 rozwin\u0105\u0107 i jeszcze bardziej skonfrontowa\u0107 nasz\u0105 wiedz\u0119 z potrzebami klient\u00f3w. Mieli\u015bmy okazj\u0119 spotka\u0107 si\u0119 z wieloma architektami, projektantami, inwestorami oraz przedstawicielami handlu materia\u0142ami budowlanymi i [&hellip;]<\/p>\n","protected":false},"author":1,"featured_media":2874,"comment_status":"closed","ping_status":"closed","sticky":false,"template":"","format":"standard","meta":{"site-sidebar-layout":"default","site-content-layout":"default","ast-site-content-layout":"default","site-content-style":"default","site-sidebar-style":"default","ast-global-header-display":"","ast-banner-title-visibility":"","ast-main-header-display":"","ast-hfb-above-header-display":"","ast-hfb-below-header-display":"","ast-hfb-mobile-header-display":"","site-post-title":"","ast-breadcrumbs-content":"","ast-featured-img":"","footer-sml-layout":"","ast-disable-related-posts":"","theme-transparent-header-meta":"","adv-header-id-meta":"","stick-header-meta":"","header-above-stick-meta":"","header-main-stick-meta":"","header-below-stick-meta":"","astra-migrate-meta-layouts":"default","ast-page-background-enabled":"default","ast-page-background-meta":{"desktop":{"background-color":"","background-image":"","background-repeat":"repeat","background-position":"center center","background-size":"auto","background-attachment":"scroll","background-type":"","background-media":"","overlay-type":"","overlay-color":"","overlay-opacity":"","overlay-gradient":""},"tablet":{"background-color":"","background-image":"","background-repeat":"repeat","background-position":"center center","background-size":"auto","background-attachment":"scroll","background-type":"","background-media":"","overlay-type":"","overlay-color":"","overlay-opacity":"","overlay-gradient":""},"mobile":{"background-color":"","background-image":"","background-repeat":"repeat","background-position":"center center","background-size":"auto","background-attachment":"scroll","background-type":"","background-media":"","overlay-type":"","overlay-color":"","overlay-opacity":"","overlay-gradient":""}},"ast-content-background-meta":{"desktop":{"background-color":"var(--ast-global-color-5)","background-image":"","background-repeat":"repeat","background-position":"center center","background-size":"auto","background-attachment":"scroll","background-type":"","background-media":"","overlay-type":"","overlay-color":"","overlay-opacity":"","overlay-gradient":""},"tablet":{"background-color":"var(--ast-global-color-5)","background-image":"","background-repeat":"repeat","background-position":"center center","background-size":"auto","background-attachment":"scroll","background-type":"","background-media":"","overlay-type":"","overlay-color":"","overlay-opacity":"","overlay-gradient":""},"mobile":{"background-color":"var(--ast-global-color-5)","background-image":"","background-repeat":"repeat","background-position":"center center","background-size":"auto","background-attachment":"scroll","background-type":"","background-media":"","overlay-type":"","overlay-color":"","overlay-opacity":"","overlay-gradient":""}},"footnotes":""},"categories":[37],"tags":[],"class_list":["post-2868","post","type-post","status-publish","format-standard","has-post-thumbnail","hentry","category-aktualnosci"],"yoast_head":"<!-- This site is optimized with the Yoast SEO plugin v27.2 - https:\/\/yoast.com\/product\/yoast-seo-wordpress\/ -->\n<title>\u015awiat pozna\u0142 kuchnie Qgesto - Relacja z targ\u00f3w Budma 2022 - qgesto.com<\/title>\n<meta name=\"robots\" content=\"index, follow, max-snippet:-1, max-image-preview:large, max-video-preview:-1\" \/>\n<link rel=\"canonical\" href=\"https:\/\/qgesto.com\/pl\/blog\/swiat-poznal-kuchnie-qgesto-relacja-z-targow-budma-2022\/\" \/>\n<meta property=\"og:locale\" content=\"pl_PL\" \/>\n<meta property=\"og:type\" content=\"article\" \/>\n<meta property=\"og:title\" content=\"\u015awiat pozna\u0142 kuchnie Qgesto - Relacja z targ\u00f3w Budma 2022 - qgesto.com\" \/>\n<meta property=\"og:description\" content=\"Najwa\u017cniejsze w Polsce targi budownictwa Budma 2022 ju\u017c za nami! Spora liczba wystawc\u00f3w oraz zwiedzaj\u0105cych, mn\u00f3stwo innowacyjnych technologii, wiele konkurs\u00f3w i niezapomnianych emocji! Czterodniowa impreza z pewno\u015bci\u0105 pomog\u0142a nam si\u0119 rozwin\u0105\u0107 i jeszcze bardziej skonfrontowa\u0107 nasz\u0105 wiedz\u0119 z potrzebami klient\u00f3w. Mieli\u015bmy okazj\u0119 spotka\u0107 si\u0119 z wieloma architektami, projektantami, inwestorami oraz przedstawicielami handlu materia\u0142ami budowlanymi i [&hellip;]\" \/>\n<meta property=\"og:url\" content=\"https:\/\/qgesto.com\/pl\/blog\/swiat-poznal-kuchnie-qgesto-relacja-z-targow-budma-2022\/\" \/>\n<meta property=\"og:site_name\" content=\"qgesto.com\" \/>\n<meta property=\"article:published_time\" content=\"2022-02-23T14:47:46+00:00\" \/>\n<meta property=\"article:modified_time\" content=\"2022-02-23T15:21:23+00:00\" \/>\n<meta property=\"og:image\" content=\"https:\/\/qgesto.com\/wp-content\/uploads\/2022\/02\/qgesto-budma-2022.jpg\" \/>\n\t<meta property=\"og:image:width\" content=\"1200\" \/>\n\t<meta property=\"og:image:height\" content=\"628\" \/>\n\t<meta property=\"og:image:type\" content=\"image\/jpeg\" \/>\n<meta name=\"author\" content=\"administrator\" \/>\n<meta name=\"twitter:card\" content=\"summary_large_image\" \/>\n<meta name=\"twitter:label1\" content=\"Napisane przez\" \/>\n\t<meta name=\"twitter:data1\" content=\"administrator\" \/>\n\t<meta name=\"twitter:label2\" content=\"Szacowany czas czytania\" \/>\n\t<meta name=\"twitter:data2\" content=\"2 minuty\" \/>\n<script type=\"application\/ld+json\" class=\"yoast-schema-graph\">{\"@context\":\"https:\/\/schema.org\",\"@graph\":[{\"@type\":\"Article\",\"@id\":\"https:\/\/qgesto.com\/pl\/blog\/swiat-poznal-kuchnie-qgesto-relacja-z-targow-budma-2022\/#article\",\"isPartOf\":{\"@id\":\"https:\/\/qgesto.com\/pl\/blog\/swiat-poznal-kuchnie-qgesto-relacja-z-targow-budma-2022\/\"},\"author\":{\"name\":\"administrator\",\"@id\":\"https:\/\/qgesto.com\/#\/schema\/person\/f9e532346bb2323fbcafb199da182ec1\"},\"headline\":\"\u015awiat pozna\u0142 kuchnie Qgesto &#8211; Relacja z targ\u00f3w Budma 2022\",\"datePublished\":\"2022-02-23T14:47:46+00:00\",\"dateModified\":\"2022-02-23T15:21:23+00:00\",\"mainEntityOfPage\":{\"@id\":\"https:\/\/qgesto.com\/pl\/blog\/swiat-poznal-kuchnie-qgesto-relacja-z-targow-budma-2022\/\"},\"wordCount\":335,\"publisher\":{\"@id\":\"https:\/\/qgesto.com\/#organization\"},\"image\":{\"@id\":\"https:\/\/qgesto.com\/pl\/blog\/swiat-poznal-kuchnie-qgesto-relacja-z-targow-budma-2022\/#primaryimage\"},\"thumbnailUrl\":\"https:\/\/qgesto.com\/wp-content\/uploads\/2022\/02\/qgesto-budma-2022.jpg\",\"articleSection\":[\"Aktualno\u015bci\"],\"inLanguage\":\"pl-PL\"},{\"@type\":\"WebPage\",\"@id\":\"https:\/\/qgesto.com\/pl\/blog\/swiat-poznal-kuchnie-qgesto-relacja-z-targow-budma-2022\/\",\"url\":\"https:\/\/qgesto.com\/pl\/blog\/swiat-poznal-kuchnie-qgesto-relacja-z-targow-budma-2022\/\",\"name\":\"\u015awiat pozna\u0142 kuchnie Qgesto - Relacja z targ\u00f3w Budma 2022 - qgesto.com\",\"isPartOf\":{\"@id\":\"https:\/\/qgesto.com\/#website\"},\"primaryImageOfPage\":{\"@id\":\"https:\/\/qgesto.com\/pl\/blog\/swiat-poznal-kuchnie-qgesto-relacja-z-targow-budma-2022\/#primaryimage\"},\"image\":{\"@id\":\"https:\/\/qgesto.com\/pl\/blog\/swiat-poznal-kuchnie-qgesto-relacja-z-targow-budma-2022\/#primaryimage\"},\"thumbnailUrl\":\"https:\/\/qgesto.com\/wp-content\/uploads\/2022\/02\/qgesto-budma-2022.jpg\",\"datePublished\":\"2022-02-23T14:47:46+00:00\",\"dateModified\":\"2022-02-23T15:21:23+00:00\",\"breadcrumb\":{\"@id\":\"https:\/\/qgesto.com\/pl\/blog\/swiat-poznal-kuchnie-qgesto-relacja-z-targow-budma-2022\/#breadcrumb\"},\"inLanguage\":\"pl-PL\",\"potentialAction\":[{\"@type\":\"ReadAction\",\"target\":[\"https:\/\/qgesto.com\/pl\/blog\/swiat-poznal-kuchnie-qgesto-relacja-z-targow-budma-2022\/\"]}]},{\"@type\":\"ImageObject\",\"inLanguage\":\"pl-PL\",\"@id\":\"https:\/\/qgesto.com\/pl\/blog\/swiat-poznal-kuchnie-qgesto-relacja-z-targow-budma-2022\/#primaryimage\",\"url\":\"https:\/\/qgesto.com\/wp-content\/uploads\/2022\/02\/qgesto-budma-2022.jpg\",\"contentUrl\":\"https:\/\/qgesto.com\/wp-content\/uploads\/2022\/02\/qgesto-budma-2022.jpg\",\"width\":1200,\"height\":628,\"caption\":\"\u015awiat pozna\u0142 kuchnie Qgesto \u2013 Relacja z targ\u00f3w Budma 2022\"},{\"@type\":\"BreadcrumbList\",\"@id\":\"https:\/\/qgesto.com\/pl\/blog\/swiat-poznal-kuchnie-qgesto-relacja-z-targow-budma-2022\/#breadcrumb\",\"itemListElement\":[{\"@type\":\"ListItem\",\"position\":1,\"name\":\"Home\",\"item\":\"https:\/\/qgesto.com\/pl\/\"},{\"@type\":\"ListItem\",\"position\":2,\"name\":\"\u015awiat pozna\u0142 kuchnie Qgesto &#8211; Relacja z targ\u00f3w Budma 2022\"}]},{\"@type\":\"WebSite\",\"@id\":\"https:\/\/qgesto.com\/#website\",\"url\":\"https:\/\/qgesto.com\/\",\"name\":\"qgesto.com\",\"description\":\"\",\"publisher\":{\"@id\":\"https:\/\/qgesto.com\/#organization\"},\"potentialAction\":[{\"@type\":\"SearchAction\",\"target\":{\"@type\":\"EntryPoint\",\"urlTemplate\":\"https:\/\/qgesto.com\/?s={search_term_string}\"},\"query-input\":{\"@type\":\"PropertyValueSpecification\",\"valueRequired\":true,\"valueName\":\"search_term_string\"}}],\"inLanguage\":\"pl-PL\"},{\"@type\":\"Organization\",\"@id\":\"https:\/\/qgesto.com\/#organization\",\"name\":\"qgesto.com\",\"url\":\"https:\/\/qgesto.com\/\",\"logo\":{\"@type\":\"ImageObject\",\"inLanguage\":\"pl-PL\",\"@id\":\"https:\/\/qgesto.com\/#\/schema\/logo\/image\/\",\"url\":\"https:\/\/qgesto.com\/wp-content\/uploads\/2021\/11\/qgesto-chrom.png\",\"contentUrl\":\"https:\/\/qgesto.com\/wp-content\/uploads\/2021\/11\/qgesto-chrom.png\",\"width\":999,\"height\":216,\"caption\":\"qgesto.com\"},\"image\":{\"@id\":\"https:\/\/qgesto.com\/#\/schema\/logo\/image\/\"}},{\"@type\":\"Person\",\"@id\":\"https:\/\/qgesto.com\/#\/schema\/person\/f9e532346bb2323fbcafb199da182ec1\",\"name\":\"administrator\",\"image\":{\"@type\":\"ImageObject\",\"inLanguage\":\"pl-PL\",\"@id\":\"https:\/\/secure.gravatar.com\/avatar\/317939e5b7c0968613f27b6690c1672f2e06f06515c1a02a65df2bb0a70e068d?s=96&d=mm&r=g\",\"url\":\"https:\/\/secure.gravatar.com\/avatar\/317939e5b7c0968613f27b6690c1672f2e06f06515c1a02a65df2bb0a70e068d?s=96&d=mm&r=g\",\"contentUrl\":\"https:\/\/secure.gravatar.com\/avatar\/317939e5b7c0968613f27b6690c1672f2e06f06515c1a02a65df2bb0a70e068d?s=96&d=mm&r=g\",\"caption\":\"administrator\"}}]}<\/script>\n<!-- \/ Yoast SEO plugin. -->","yoast_head_json":{"title":"\u015awiat pozna\u0142 kuchnie Qgesto - Relacja z targ\u00f3w Budma 2022 - qgesto.com","robots":{"index":"index","follow":"follow","max-snippet":"max-snippet:-1","max-image-preview":"max-image-preview:large","max-video-preview":"max-video-preview:-1"},"canonical":"https:\/\/qgesto.com\/pl\/blog\/swiat-poznal-kuchnie-qgesto-relacja-z-targow-budma-2022\/","og_locale":"pl_PL","og_type":"article","og_title":"\u015awiat pozna\u0142 kuchnie Qgesto - Relacja z targ\u00f3w Budma 2022 - qgesto.com","og_description":"Najwa\u017cniejsze w Polsce targi budownictwa Budma 2022 ju\u017c za nami! Spora liczba wystawc\u00f3w oraz zwiedzaj\u0105cych, mn\u00f3stwo innowacyjnych technologii, wiele konkurs\u00f3w i niezapomnianych emocji! Czterodniowa impreza z pewno\u015bci\u0105 pomog\u0142a nam si\u0119 rozwin\u0105\u0107 i jeszcze bardziej skonfrontowa\u0107 nasz\u0105 wiedz\u0119 z potrzebami klient\u00f3w. Mieli\u015bmy okazj\u0119 spotka\u0107 si\u0119 z wieloma architektami, projektantami, inwestorami oraz przedstawicielami handlu materia\u0142ami budowlanymi i [&hellip;]","og_url":"https:\/\/qgesto.com\/pl\/blog\/swiat-poznal-kuchnie-qgesto-relacja-z-targow-budma-2022\/","og_site_name":"qgesto.com","article_published_time":"2022-02-23T14:47:46+00:00","article_modified_time":"2022-02-23T15:21:23+00:00","og_image":[{"width":1200,"height":628,"url":"https:\/\/qgesto.com\/wp-content\/uploads\/2022\/02\/qgesto-budma-2022.jpg","type":"image\/jpeg"}],"author":"administrator","twitter_card":"summary_large_image","twitter_misc":{"Napisane przez":"administrator","Szacowany czas czytania":"2 minuty"},"schema":{"@context":"https:\/\/schema.org","@graph":[{"@type":"Article","@id":"https:\/\/qgesto.com\/pl\/blog\/swiat-poznal-kuchnie-qgesto-relacja-z-targow-budma-2022\/#article","isPartOf":{"@id":"https:\/\/qgesto.com\/pl\/blog\/swiat-poznal-kuchnie-qgesto-relacja-z-targow-budma-2022\/"},"author":{"name":"administrator","@id":"https:\/\/qgesto.com\/#\/schema\/person\/f9e532346bb2323fbcafb199da182ec1"},"headline":"\u015awiat pozna\u0142 kuchnie Qgesto &#8211; Relacja z targ\u00f3w Budma 2022","datePublished":"2022-02-23T14:47:46+00:00","dateModified":"2022-02-23T15:21:23+00:00","mainEntityOfPage":{"@id":"https:\/\/qgesto.com\/pl\/blog\/swiat-poznal-kuchnie-qgesto-relacja-z-targow-budma-2022\/"},"wordCount":335,"publisher":{"@id":"https:\/\/qgesto.com\/#organization"},"image":{"@id":"https:\/\/qgesto.com\/pl\/blog\/swiat-poznal-kuchnie-qgesto-relacja-z-targow-budma-2022\/#primaryimage"},"thumbnailUrl":"https:\/\/qgesto.com\/wp-content\/uploads\/2022\/02\/qgesto-budma-2022.jpg","articleSection":["Aktualno\u015bci"],"inLanguage":"pl-PL"},{"@type":"WebPage","@id":"https:\/\/qgesto.com\/pl\/blog\/swiat-poznal-kuchnie-qgesto-relacja-z-targow-budma-2022\/","url":"https:\/\/qgesto.com\/pl\/blog\/swiat-poznal-kuchnie-qgesto-relacja-z-targow-budma-2022\/","name":"\u015awiat pozna\u0142 kuchnie Qgesto - Relacja z targ\u00f3w Budma 2022 - qgesto.com","isPartOf":{"@id":"https:\/\/qgesto.com\/#website"},"primaryImageOfPage":{"@id":"https:\/\/qgesto.com\/pl\/blog\/swiat-poznal-kuchnie-qgesto-relacja-z-targow-budma-2022\/#primaryimage"},"image":{"@id":"https:\/\/qgesto.com\/pl\/blog\/swiat-poznal-kuchnie-qgesto-relacja-z-targow-budma-2022\/#primaryimage"},"thumbnailUrl":"https:\/\/qgesto.com\/wp-content\/uploads\/2022\/02\/qgesto-budma-2022.jpg","datePublished":"2022-02-23T14:47:46+00:00","dateModified":"2022-02-23T15:21:23+00:00","breadcrumb":{"@id":"https:\/\/qgesto.com\/pl\/blog\/swiat-poznal-kuchnie-qgesto-relacja-z-targow-budma-2022\/#breadcrumb"},"inLanguage":"pl-PL","potentialAction":[{"@type":"ReadAction","target":["https:\/\/qgesto.com\/pl\/blog\/swiat-poznal-kuchnie-qgesto-relacja-z-targow-budma-2022\/"]}]},{"@type":"ImageObject","inLanguage":"pl-PL","@id":"https:\/\/qgesto.com\/pl\/blog\/swiat-poznal-kuchnie-qgesto-relacja-z-targow-budma-2022\/#primaryimage","url":"https:\/\/qgesto.com\/wp-content\/uploads\/2022\/02\/qgesto-budma-2022.jpg","contentUrl":"https:\/\/qgesto.com\/wp-content\/uploads\/2022\/02\/qgesto-budma-2022.jpg","width":1200,"height":628,"caption":"\u015awiat pozna\u0142 kuchnie Qgesto \u2013 Relacja z targ\u00f3w Budma 2022"},{"@type":"BreadcrumbList","@id":"https:\/\/qgesto.com\/pl\/blog\/swiat-poznal-kuchnie-qgesto-relacja-z-targow-budma-2022\/#breadcrumb","itemListElement":[{"@type":"ListItem","position":1,"name":"Home","item":"https:\/\/qgesto.com\/pl\/"},{"@type":"ListItem","position":2,"name":"\u015awiat pozna\u0142 kuchnie Qgesto &#8211; Relacja z targ\u00f3w Budma 2022"}]},{"@type":"WebSite","@id":"https:\/\/qgesto.com\/#website","url":"https:\/\/qgesto.com\/","name":"qgesto.com","description":"","publisher":{"@id":"https:\/\/qgesto.com\/#organization"},"potentialAction":[{"@type":"SearchAction","target":{"@type":"EntryPoint","urlTemplate":"https:\/\/qgesto.com\/?s={search_term_string}"},"query-input":{"@type":"PropertyValueSpecification","valueRequired":true,"valueName":"search_term_string"}}],"inLanguage":"pl-PL"},{"@type":"Organization","@id":"https:\/\/qgesto.com\/#organization","name":"qgesto.com","url":"https:\/\/qgesto.com\/","logo":{"@type":"ImageObject","inLanguage":"pl-PL","@id":"https:\/\/qgesto.com\/#\/schema\/logo\/image\/","url":"https:\/\/qgesto.com\/wp-content\/uploads\/2021\/11\/qgesto-chrom.png","contentUrl":"https:\/\/qgesto.com\/wp-content\/uploads\/2021\/11\/qgesto-chrom.png","width":999,"height":216,"caption":"qgesto.com"},"image":{"@id":"https:\/\/qgesto.com\/#\/schema\/logo\/image\/"}},{"@type":"Person","@id":"https:\/\/qgesto.com\/#\/schema\/person\/f9e532346bb2323fbcafb199da182ec1","name":"administrator","image":{"@type":"ImageObject","inLanguage":"pl-PL","@id":"https:\/\/secure.gravatar.com\/avatar\/317939e5b7c0968613f27b6690c1672f2e06f06515c1a02a65df2bb0a70e068d?s=96&d=mm&r=g","url":"https:\/\/secure.gravatar.com\/avatar\/317939e5b7c0968613f27b6690c1672f2e06f06515c1a02a65df2bb0a70e068d?s=96&d=mm&r=g","contentUrl":"https:\/\/secure.gravatar.com\/avatar\/317939e5b7c0968613f27b6690c1672f2e06f06515c1a02a65df2bb0a70e068d?s=96&d=mm&r=g","caption":"administrator"}}]}},"_links":{"self":[{"href":"https:\/\/qgesto.com\/pl\/wp-json\/wp\/v2\/posts\/2868","targetHints":{"allow":["GET"]}}],"collection":[{"href":"https:\/\/qgesto.com\/pl\/wp-json\/wp\/v2\/posts"}],"about":[{"href":"https:\/\/qgesto.com\/pl\/wp-json\/wp\/v2\/types\/post"}],"author":[{"embeddable":true,"href":"https:\/\/qgesto.com\/pl\/wp-json\/wp\/v2\/users\/1"}],"replies":[{"embeddable":true,"href":"https:\/\/qgesto.com\/pl\/wp-json\/wp\/v2\/comments?post=2868"}],"version-history":[{"count":0,"href":"https:\/\/qgesto.com\/pl\/wp-json\/wp\/v2\/posts\/2868\/revisions"}],"wp:featuredmedia":[{"embeddable":true,"href":"https:\/\/qgesto.com\/pl\/wp-json\/wp\/v2\/media\/2874"}],"wp:attachment":[{"href":"https:\/\/qgesto.com\/pl\/wp-json\/wp\/v2\/media?parent=2868"}],"wp:term":[{"taxonomy":"category","embeddable":true,"href":"https:\/\/qgesto.com\/pl\/wp-json\/wp\/v2\/categories?post=2868"},{"taxonomy":"post_tag","embeddable":true,"href":"https:\/\/qgesto.com\/pl\/wp-json\/wp\/v2\/tags?post=2868"}],"curies":[{"name":"wp","href":"https:\/\/api.w.org\/{rel}","templated":true}]}}